{"id":32,"count":1,"description":"","link":"https:\/\/memocle.fr\/en\/product-category\/porte-cles-personnalises\/","name":"Personalised keyrings","slug":"porte-cles-personnalises","taxonomy":"product_cat","parent":0,"meta":[],"menu_order":0,"yoast_head":"<!-- This site is optimized with the Yoast SEO plugin v28.3 - https:\/\/yoast.com\/product\/yoast-seo-wordpress\/ -->\n<title>Porte-cl\u00e9s personnalis\u00e9s Archives - MemoCl\u00e9<\/title>\n<meta name=\"robots\" content=\"index, follow, max-snippet:-1, max-image-preview:large, max-video-preview:-1\" \/>\n<link rel=\"canonical\" href=\"https:\/\/memocle.fr\/en\/product-category\/porte-cles-personnalises\/\" \/>\n<meta property=\"og:locale\" content=\"en_US\" \/>\n<meta property=\"og:type\" content=\"article\" \/>\n<meta property=\"og:title\" content=\"Porte-cl\u00e9s personnalis\u00e9s Archives - MemoCl\u00e9\" \/>\n<meta property=\"og:url\" content=\"https:\/\/memocle.fr\/en\/product-category\/porte-cles-personnalises\/\" \/>\n<meta property=\"og:site_name\" content=\"MemoCl\u00e9\" \/>\n<meta name=\"twitter:card\" content=\"summary_large_image\" \/>\n<script type=\"application\/ld+json\" class=\"yoast-schema-graph\">{\"@context\":\"https:\\\/\\\/schema.org\",\"@graph\":[{\"@type\":\"CollectionPage\",\"@id\":\"https:\\\/\\\/memocle.fr\\\/en\\\/product-category\\\/porte-cles-personnalises\\\/\",\"url\":\"https:\\\/\\\/memocle.fr\\\/en\\\/product-category\\\/porte-cles-personnalises\\\/\",\"name\":\"Porte-cl\u00e9s personnalis\u00e9s Archives - MemoCl\u00e9\",\"isPartOf\":{\"@id\":\"https:\\\/\\\/memocle.fr\\\/#website\"},\"breadcrumb\":{\"@id\":\"https:\\\/\\\/memocle.fr\\\/en\\\/product-category\\\/porte-cles-personnalises\\\/#breadcrumb\"},\"inLanguage\":\"en-US\"},{\"@type\":\"BreadcrumbList\",\"@id\":\"https:\\\/\\\/memocle.fr\\\/en\\\/product-category\\\/porte-cles-personnalises\\\/#breadcrumb\",\"itemListElement\":[{\"@type\":\"ListItem\",\"position\":1,\"name\":\"Home\",\"item\":\"https:\\\/\\\/memocle.fr\\\/\"},{\"@type\":\"ListItem\",\"position\":2,\"name\":\"Porte-cl\u00e9s personnalis\u00e9s\"}]},{\"@type\":\"WebSite\",\"@id\":\"https:\\\/\\\/memocle.fr\\\/#website\",\"url\":\"https:\\\/\\\/memocle.fr\\\/\",\"name\":\"MemoCl\u00e9\",\"description\":\"Le porte-cle qui garde la voix de ceux qu on aime\",\"publisher\":{\"@id\":\"https:\\\/\\\/memocle.fr\\\/#organization\"},\"potentialAction\":[{\"@type\":\"SearchAction\",\"target\":{\"@type\":\"EntryPoint\",\"urlTemplate\":\"https:\\\/\\\/memocle.fr\\\/?s={search_term_string}\"},\"query-input\":{\"@type\":\"PropertyValueSpecification\",\"valueRequired\":true,\"valueName\":\"search_term_string\"}}],\"inLanguage\":\"en-US\"},{\"@type\":\"Organization\",\"@id\":\"https:\\\/\\\/memocle.fr\\\/#organization\",\"name\":\"MemoCl\u00e9\",\"url\":\"https:\\\/\\\/memocle.fr\\\/\",\"logo\":{\"@type\":\"ImageObject\",\"inLanguage\":\"en-US\",\"@id\":\"https:\\\/\\\/memocle.fr\\\/#\\\/schema\\\/logo\\\/image\\\/\",\"url\":\"\",\"contentUrl\":\"\",\"caption\":\"MemoCl\u00e9\"},\"image\":{\"@id\":\"https:\\\/\\\/memocle.fr\\\/#\\\/schema\\\/logo\\\/image\\\/\"}}]}<\/script>\n<!-- \/ Yoast SEO plugin. -->","yoast_head_json":{"title":"Porte-cl\u00e9s personnalis\u00e9s Archives - MemoCl\u00e9","robots":{"index":"index","follow":"follow","max-snippet":"max-snippet:-1","max-image-preview":"max-image-preview:large","max-video-preview":"max-video-preview:-1"},"canonical":"https:\/\/memocle.fr\/en\/product-category\/porte-cles-personnalises\/","og_locale":"en_US","og_type":"article","og_title":"Porte-cl\u00e9s personnalis\u00e9s Archives - MemoCl\u00e9","og_url":"https:\/\/memocle.fr\/en\/product-category\/porte-cles-personnalises\/","og_site_name":"MemoCl\u00e9","twitter_card":"summary_large_image","schema":{"@context":"https:\/\/schema.org","@graph":[{"@type":"CollectionPage","@id":"https:\/\/memocle.fr\/en\/product-category\/porte-cles-personnalises\/","url":"https:\/\/memocle.fr\/en\/product-category\/porte-cles-personnalises\/","name":"Porte-cl\u00e9s personnalis\u00e9s Archives - MemoCl\u00e9","isPartOf":{"@id":"https:\/\/memocle.fr\/#website"},"breadcrumb":{"@id":"https:\/\/memocle.fr\/en\/product-category\/porte-cles-personnalises\/#breadcrumb"},"inLanguage":"en-US"},{"@type":"BreadcrumbList","@id":"https:\/\/memocle.fr\/en\/product-category\/porte-cles-personnalises\/#breadcrumb","itemListElement":[{"@type":"ListItem","position":1,"name":"Home","item":"https:\/\/memocle.fr\/"},{"@type":"ListItem","position":2,"name":"Porte-cl\u00e9s personnalis\u00e9s"}]},{"@type":"WebSite","@id":"https:\/\/memocle.fr\/#website","url":"https:\/\/memocle.fr\/","name":"MemoCl\u00e9","description":"The keyring that keeps the voice of the ones we love","publisher":{"@id":"https:\/\/memocle.fr\/#organization"},"potentialAction":[{"@type":"SearchAction","target":{"@type":"EntryPoint","urlTemplate":"https:\/\/memocle.fr\/?s={search_term_string}"},"query-input":{"@type":"PropertyValueSpecification","valueRequired":true,"valueName":"search_term_string"}}],"inLanguage":"en-US"},{"@type":"Organization","@id":"https:\/\/memocle.fr\/#organization","name":"MemoCl\u00e9","url":"https:\/\/memocle.fr\/","logo":{"@type":"ImageObject","inLanguage":"en-US","@id":"https:\/\/memocle.fr\/#\/schema\/logo\/image\/","url":"","contentUrl":"","caption":"MemoCl\u00e9"},"image":{"@id":"https:\/\/memocle.fr\/#\/schema\/logo\/image\/"}}]}},"_links":{"self":[{"href":"https:\/\/memocle.fr\/en\/wp-json\/wp\/v2\/product_cat\/32","targetHints":{"allow":["GET"]}}],"collection":[{"href":"https:\/\/memocle.fr\/en\/wp-json\/wp\/v2\/product_cat"}],"about":[{"href":"https:\/\/memocle.fr\/en\/wp-json\/wp\/v2\/taxonomies\/product_cat"}],"wp:post_type":[{"href":"https:\/\/memocle.fr\/en\/wp-json\/wp\/v2\/product?product_cat=32"}],"curies":[{"name":"wp","href":"https:\/\/api.w.org\/{rel}","templated":true}]}}